{"id":44,"date":"2026-04-08T11:54:47","date_gmt":"2026-04-08T11:54:47","guid":{"rendered":"https:\/\/www.educarep.net\/melyne2\/?p=44"},"modified":"2026-04-08T12:02:23","modified_gmt":"2026-04-08T12:02:23","slug":"larep-29-au-portugal","status":"publish","type":"post","link":"https:\/\/www.educarep.net\/melyne2\/2026\/04\/08\/larep-29-au-portugal\/","title":{"rendered":"L&rsquo;AREP 29 au Portugal"},"content":{"rendered":"\n<h1 class=\"wp-block-heading\">Les NDRC 2 ont visit\u00e9 le Portugal pendant une semaine p\u00e9dagogique <\/h1>\n\n\n\n<h2 class=\"wp-block-heading\">Programme : immersion avec les \u00e9tudiants portugais, cr\u00e9ation d&rsquo;un pitch et d&rsquo;un site internet en portugais sur un projet<\/h2>\n\n\n\n<p class=\"wp-block-paragraph\">57 \u00e9tudiants ont pr\u00e9sent\u00e9 leur pitch en fin de semaine, Marina \u00e9tudiante brestoise en NRDC 2, a gagn\u00e9 le prix.<\/p>\n\n\n\n<p class=\"wp-block-paragraph\">Elle a re\u00e7u un ch\u00e8que symbolique de 2 euros \u00e0 utiliser dans des boutiques de Brest. <\/p>\n\n\n\n<div class=\"wp-block-uagb-image uagb-block-896f1a52 wp-block-uagb-image--layout-default wp-block-uagb-image--effect-static wp-block-uagb-image--align-none\"><figure class=\"wp-block-uagb-image__figure\"><img decoding=\"async\" srcset=\"https:\/\/www.educarep.net\/melyne2\/wp-content\/uploads\/2026\/04\/Capture-decran-2026-04-06-a-22.07.32.png ,https:\/\/www.educarep.net\/melyne2\/wp-content\/uploads\/2026\/04\/Capture-decran-2026-04-06-a-22.07.32.png 780w, https:\/\/www.educarep.net\/melyne2\/wp-content\/uploads\/2026\/04\/Capture-decran-2026-04-06-a-22.07.32.png 360w\" sizes=\"auto, (max-width: 480px) 150px\" src=\"https:\/\/www.educarep.net\/melyne2\/wp-content\/uploads\/2026\/04\/Capture-decran-2026-04-06-a-22.07.32.png\" alt=\"Les \u00e9tudiants portugais et fran\u00e7ais r\u00e9unis\" class=\"uag-image-22\" width=\"761\" height=\"473\" title=\"Capture d\u2019\u00e9cran 2026-04-06 \u00e0 22.07.32\" loading=\"lazy\" role=\"img\"\/><\/figure><\/div>\n","protected":false},"excerpt":{"rendered":"<p>Les NDRC 2 ont visit\u00e9 le Portugal pendant une semaine p\u00e9dagogique Programme : immersion avec les \u00e9tudiants portugais, cr\u00e9ation d&rsquo;un [&hellip;]<\/p>\n","protected":false},"author":1,"featured_media":0,"comment_status":"open","ping_status":"open","sticky":false,"template":"","format":"standard","meta":{"_uag_custom_page_level_css":"","site-sidebar-layout":"default","site-content-layout":"","ast-site-content-layout":"default","site-content-style":"default","site-sidebar-style":"default","ast-global-header-display":"","ast-banner-title-visibility":"","ast-main-header-display":"","ast-hfb-above-header-display":"","ast-hfb-below-header-display":"","ast-hfb-mobile-header-display":"","site-post-title":"","ast-breadcrumbs-content":"","ast-featured-img":"","footer-sml-layout":"","ast-disable-related-posts":"","theme-transparent-header-meta":"","adv-header-id-meta":"","stick-header-meta":"","header-above-stick-meta":"","header-main-stick-meta":"","header-below-stick-meta":"","astra-migrate-meta-layouts":"default","ast-page-background-enabled":"default","ast-page-background-meta":{"desktop":{"background-color":"var(--ast-global-color-5)","background-image":"","background-repeat":"repeat","background-position":"center center","background-size":"auto","background-attachment":"scroll","background-type":"","background-media":"","overlay-type":"","overlay-color":"","overlay-opacity":"","overlay-gradient":""},"tablet":{"background-color":"","background-image":"","background-repeat":"repeat","background-position":"center center","background-size":"auto","background-attachment":"scroll","background-type":"","background-media":"","overlay-type":"","overlay-color":"","overlay-opacity":"","overlay-gradient":""},"mobile":{"background-color":"","background-image":"","background-repeat":"repeat","background-position":"center center","background-size":"auto","background-attachment":"scroll","background-type":"","background-media":"","overlay-type":"","overlay-color":"","overlay-opacity":"","overlay-gradient":""}},"ast-content-background-meta":{"desktop":{"background-color":"var(--ast-global-color-4)","background-image":"","background-repeat":"repeat","background-position":"center center","background-size":"auto","background-attachment":"scroll","background-type":"","background-media":"","overlay-type":"","overlay-color":"","overlay-opacity":"","overlay-gradient":""},"tablet":{"background-color":"var(--ast-global-color-4)","background-image":"","background-repeat":"repeat","background-position":"center center","background-size":"auto","background-attachment":"scroll","background-type":"","background-media":"","overlay-type":"","overlay-color":"","overlay-opacity":"","overlay-gradient":""},"mobile":{"background-color":"var(--ast-global-color-4)","background-image":"","background-repeat":"repeat","background-position":"center center","background-size":"auto","background-attachment":"scroll","background-type":"","background-media":"","overlay-type":"","overlay-color":"","overlay-opacity":"","overlay-gradient":""}},"footnotes":""},"categories":[5],"tags":[8,6,7],"class_list":["post-44","post","type-post","status-publish","format-standard","hentry","category-voyage-scolaire","tag-arep-29","tag-bts-ndrc-brest","tag-voyage-pedagogique-portugal"],"uagb_featured_image_src":{"full":false,"thumbnail":false,"medium":false,"medium_large":false,"large":false,"1536x1536":false,"2048x2048":false},"uagb_author_info":{"display_name":"Melyne","author_link":"https:\/\/www.educarep.net\/melyne2\/author\/melyne\/"},"uagb_comment_info":0,"uagb_excerpt":"Les NDRC 2 ont visit\u00e9 le Portugal pendant une semaine p\u00e9dagogique Programme : immersion avec les \u00e9tudiants portugais, cr\u00e9ation d&rsquo;un [&hellip;]","_links":{"self":[{"href":"https:\/\/www.educarep.net\/melyne2\/wp-json\/wp\/v2\/posts\/44","targetHints":{"allow":["GET"]}}],"collection":[{"href":"https:\/\/www.educarep.net\/melyne2\/wp-json\/wp\/v2\/posts"}],"about":[{"href":"https:\/\/www.educarep.net\/melyne2\/wp-json\/wp\/v2\/types\/post"}],"author":[{"embeddable":true,"href":"https:\/\/www.educarep.net\/melyne2\/wp-json\/wp\/v2\/users\/1"}],"replies":[{"embeddable":true,"href":"https:\/\/www.educarep.net\/melyne2\/wp-json\/wp\/v2\/comments?post=44"}],"version-history":[{"count":1,"href":"https:\/\/www.educarep.net\/melyne2\/wp-json\/wp\/v2\/posts\/44\/revisions"}],"predecessor-version":[{"id":45,"href":"https:\/\/www.educarep.net\/melyne2\/wp-json\/wp\/v2\/posts\/44\/revisions\/45"}],"wp:attachment":[{"href":"https:\/\/www.educarep.net\/melyne2\/wp-json\/wp\/v2\/media?parent=44"}],"wp:term":[{"taxonomy":"category","embeddable":true,"href":"https:\/\/www.educarep.net\/melyne2\/wp-json\/wp\/v2\/categories?post=44"},{"taxonomy":"post_tag","embeddable":true,"href":"https:\/\/www.educarep.net\/melyne2\/wp-json\/wp\/v2\/tags?post=44"}],"curies":[{"name":"wp","href":"https:\/\/api.w.org\/{rel}","templated":true}]}}