{"id":23,"date":"2026-06-03T12:01:18","date_gmt":"2026-06-03T12:01:18","guid":{"rendered":"https:\/\/www.educarep.net\/kervella\/?p=23"},"modified":"2026-06-08T12:14:36","modified_gmt":"2026-06-08T12:14:36","slug":"ville-de-brest","status":"publish","type":"post","link":"https:\/\/www.educarep.net\/kervella\/2026\/06\/03\/ville-de-brest\/","title":{"rendered":"Ville de Brest"},"content":{"rendered":"\n<h1 class=\"wp-block-heading\">Bienvenue \u00e0 Brest !<\/h1>\n\n\n\n<h2 class=\"wp-block-heading\">Bonjour \u00e0 tous et bienvenue sur cet article qui parle de la ville de Brest.<\/h2>\n\n\n\n<h3 class=\"wp-block-heading\">Brest est une grande ville portuaire \u00e0 la pointe du Finist\u00e8re, elle est tr\u00e8s connue pour sa rade, son histoire, sa marine, et surtout pour son dynamisme et sa diversit\u00e9.<\/h3>\n\n\n\n<div class=\"wp-block-uagb-image uagb-block-9c8a64d1 wp-block-uagb-image--layout-default wp-block-uagb-image--effect-static wp-block-uagb-image--align-none\"><figure class=\"wp-block-uagb-image__figure\"><img decoding=\"async\" srcset=\"https:\/\/www.educarep.net\/kervella\/wp-content\/uploads\/2026\/05\/Capture-decran-2026-05-31-a-13.58.04.png ,https:\/\/www.educarep.net\/kervella\/wp-content\/uploads\/2026\/05\/Capture-decran-2026-05-31-a-13.58.04.png 780w, https:\/\/www.educarep.net\/kervella\/wp-content\/uploads\/2026\/05\/Capture-decran-2026-05-31-a-13.58.04.png 360w\" sizes=\"auto, (max-width: 480px) 150px\" src=\"https:\/\/www.educarep.net\/kervella\/wp-content\/uploads\/2026\/05\/Capture-decran-2026-05-31-a-13.58.04.png\" alt=\"Brest Port\" class=\"uag-image-22\" width=\"565\" height=\"443\" title=\"Port de Brest t\u00e9l\u00e9ph\u00e9rique\" loading=\"lazy\" role=\"img\"\/><\/figure><\/div>\n\n\n\n<h1 class=\"wp-block-heading\">Les lieux \u00e0 visiter :<\/h1>\n\n\n\n<h2 class=\"wp-block-heading\">Les lieux incontournables \u00e0 Brest sont les suivants : <\/h2>\n\n\n\n<h3 class=\"wp-block-heading\">Le ch\u00e2teau de Brest et le Mus\u00e9e National de la Marine.<\/h3>\n\n\n\n<h3 class=\"wp-block-heading\">Oc\u00e9anopolis, le parc d\u00e9di\u00e9 \u00e0 la d\u00e9couverte des oc\u00e9ans.<\/h3>\n\n\n\n<h3 class=\"wp-block-heading\">Les Ateliers des Capucins : ancien arsenal militaire transform\u00e9 en grand espace culturel et de loisirs (m\u00e9diath\u00e8que, cin\u00e9ma, restaurants, sports&#8230;), que vous pourrez rejoindre en t\u00e9l\u00e9ph\u00e9rique urbain avec vue sur la rade.<\/h3>\n\n\n\n<h3 class=\"wp-block-heading\">Le Cours Dajot : promrnade avec panorama sur la rade.<\/h3>\n\n\n\n<h1 class=\"wp-block-heading\">Les activit\u00e9s<\/h1>\n\n\n\n<h2 class=\"wp-block-heading\">Les meilleures activit\u00e9s<\/h2>\n\n\n\n<h3 class=\"wp-block-heading\">Prendre le t\u00e9l\u00e9ph\u00e9rique urbain : le premier de France !<\/h3>\n\n\n\n<h3 class=\"wp-block-heading\">Se balader sur le port de commerce et de plaisance.<\/h3>\n\n\n\n<h3 class=\"wp-block-heading\">Visiter le phare du minou.<\/h3>\n\n\n\n<h3 class=\"wp-block-heading\">Explorer le jardin botanique du Vallon du Stang Alar.<\/h3>\n\n\n\n<h1 class=\"wp-block-heading\">Nos conseils pratiques<\/h1>\n\n\n\n<h2 class=\"wp-block-heading\">Voici nos meilleurs conseils pour passer un super s\u00e9jour \u00e0 Brest.<\/h2>\n\n\n\n<h3 class=\"wp-block-heading\">La p\u00e9riode id\u00e9ale pour s&rsquo;y rendre est au printemps et en \u00e9t\u00e9, notamment lors des F\u00eates maritimes.<\/h3>\n\n\n\n<h3 class=\"wp-block-heading\">N&rsquo;h\u00e9sitez pas \u00e0 utiliser le bus, le tramway et le t\u00e9l\u00e9ph\u00e9rique pour vous rendre au centre ville.<\/h3>\n\n\n\n<h3 class=\"wp-block-heading\">Beaucoup d&rsquo;h\u00f4tels ou de logements sont situ\u00e9s proche du port.<\/h3>\n\n\n\n<h2 class=\"wp-block-heading\">N&rsquo;h\u00e9sitez pas \u00e0 contacter notre agence pour pr\u00e9parer votre voyage avec un de nos conseillers !<\/h2>\n\n\n\n<p class=\"wp-block-paragraph\"><\/p>\n\n\n\n<div class=\"wp-block-uagb-call-to-action uagb-block-b7b17121 wp-block-button\"><div class=\"uagb-cta__wrap\"><h3 class=\"uagb-cta__title\">Contactez nous<\/h3><p class=\"uagb-cta__desc\">Contactez nous ! <a href=\"https:\/\/www.educarep.net\/kervella\/contact\/\" type=\"link\" id=\"https:\/\/www.educarep.net\/kervella\/contact\/\">https:\/\/www.educarep.net\/kervella\/contact\/<\/a><\/p><\/div><div class=\"uagb-cta__buttons\"><a href=\"#https:\/\/www.educarep.net\/kervella\/contact\/\" class=\"uagb-cta__button-link-wrapper wp-block-button__link\" target=\"_self\" rel=\"noopener noreferrer\">Contactez nous<\/a><\/div><\/div>\n\n\n      \n\t\t\t<div class=\"uagb-icon-wrapper uagb-block-f7aecb6f      \"\n\t\t\tstyle=\"\" >\n\t\t\t\t\t\t\t\t\t<span class=\"uagb-svg-wrapper\" \n\t\t\t\t\t aria-label=\"instagram\"\t\t\t\t\ttabindex=\"0\">\t\t\n\t\t\t\t\t\t\t\t\t\t<a rel=\"noopener noreferrer\" href=\"http:\/\/Instagram.com\" target=\"_self\"><svg xmlns=\"https:\/\/www.w3.org\/2000\/svg\" viewBox= \"0 0 448 512\" role=\"graphics-symbol\" aria-hidden=\"false\" aria-label=\"\"><path d=\"M224.1 141c-63.6 0-114.9 51.3-114.9 114.9s51.3 114.9 114.9 114.9S339 319.5 339 255.9 287.7 141 224.1 141zm0 189.6c-41.1 0-74.7-33.5-74.7-74.7s33.5-74.7 74.7-74.7 74.7 33.5 74.7 74.7-33.6 74.7-74.7 74.7zm146.4-194.3c0 14.9-12 26.8-26.8 26.8-14.9 0-26.8-12-26.8-26.8s12-26.8 26.8-26.8 26.8 12 26.8 26.8zm76.1 27.2c-1.7-35.9-9.9-67.7-36.2-93.9-26.2-26.2-58-34.4-93.9-36.2-37-2.1-147.9-2.1-184.9 0-35.8 1.7-67.6 9.9-93.9 36.1s-34.4 58-36.2 93.9c-2.1 37-2.1 147.9 0 184.9 1.7 35.9 9.9 67.7 36.2 93.9s58 34.4 93.9 36.2c37 2.1 147.9 2.1 184.9 0 35.9-1.7 67.7-9.9 93.9-36.2 26.2-26.2 34.4-58 36.2-93.9 2.1-37 2.1-147.8 0-184.8zM398.8 388c-7.8 19.6-22.9 34.7-42.6 42.6-29.5 11.7-99.5 9-132.1 9s-102.7 2.6-132.1-9c-19.6-7.8-34.7-22.9-42.6-42.6-11.7-29.5-9-99.5-9-132.1s-2.6-102.7 9-132.1c7.8-19.6 22.9-34.7 42.6-42.6 29.5-11.7 99.5-9 132.1-9s102.7-2.6 132.1 9c19.6 7.8 34.7 22.9 42.6 42.6 11.7 29.5 9 99.5 9 132.1s2.7 102.7-9 132.1z\"><\/path><\/svg><\/a>\n\t\t\t\t\t\t\t\t\t<\/span>\n\t\t\t\t\t\t\t<\/div>\n\t\t\t\n\n      \n\t\t\t<div class=\"uagb-icon-wrapper uagb-block-01b588f9      \"\n\t\t\tstyle=\"\" >\n\t\t\t\t\t\t\t\t\t<span class=\"uagb-svg-wrapper\" \n\t\t\t\t\t aria-label=\"facebook-f\"\t\t\t\t\ttabindex=\"0\">\t\t\n\t\t\t\t\t\t\t\t\t\t<a rel=\"noopener noreferrer\" href=\"http:\/\/Facebook.com\" target=\"_self\"><svg xmlns=\"https:\/\/www.w3.org\/2000\/svg\" viewBox= \"0 0 320 512\" role=\"graphics-symbol\" aria-hidden=\"false\" aria-label=\"\"><path d=\"M279.1 288l14.22-92.66h-88.91v-60.13c0-25.35 12.42-50.06 52.24-50.06h40.42V6.26S260.4 0 225.4 0c-73.22 0-121.1 44.38-121.1 124.7v70.62H22.89V288h81.39v224h100.2V288z\"><\/path><\/svg><\/a>\n\t\t\t\t\t\t\t\t\t<\/span>\n\t\t\t\t\t\t\t<\/div>\n\t\t\t\n\n\n<div class=\"wp-block-uagb-advanced-heading uagb-block-6a04495b\"><\/div>\n\n\n\n<div class=\"wp-block-buttons is-layout-flex wp-block-buttons-is-layout-flex\">\n<div class=\"wp-block-button\"><a class=\"wp-block-button__link wp-element-button\" href=\"https:\/\/www.educarep.net\/kervella\/contact\/\">Contactez-nous<\/a><\/div>\n<\/div>\n\n\n\n<p class=\"wp-block-paragraph\"><\/p>\n","protected":false},"excerpt":{"rendered":"<p>Bienvenue \u00e0 Brest ! Bonjour \u00e0 tous et bienvenue sur cet article qui parle de la ville de Brest. Brest [&hellip;]<\/p>\n","protected":false},"author":1,"featured_media":0,"comment_status":"open","ping_status":"open","sticky":false,"template":"","format":"standard","meta":{"_uag_custom_page_level_css":"","site-sidebar-layout":"default","site-content-layout":"","ast-site-content-layout":"default","site-content-style":"default","site-sidebar-style":"default","ast-global-header-display":"","ast-banner-title-visibility":"","ast-main-header-display":"","ast-hfb-above-header-display":"","ast-hfb-below-header-display":"","ast-hfb-mobile-header-display":"","site-post-title":"","ast-breadcrumbs-content":"","ast-featured-img":"","footer-sml-layout":"","ast-disable-related-posts":"","theme-transparent-header-meta":"","adv-header-id-meta":"","stick-header-meta":"","header-above-stick-meta":"","header-main-stick-meta":"","header-below-stick-meta":"","astra-migrate-meta-layouts":"default","ast-page-background-enabled":"default","ast-page-background-meta":{"desktop":{"background-color":"var(--ast-global-color-5)","background-image":"","background-repeat":"repeat","background-position":"center center","background-size":"auto","background-attachment":"scroll","background-type":"","background-media":"","overlay-type":"","overlay-color":"","overlay-opacity":"","overlay-gradient":""},"tablet":{"background-color":"","background-image":"","background-repeat":"repeat","background-position":"center center","background-size":"auto","background-attachment":"scroll","background-type":"","background-media":"","overlay-type":"","overlay-color":"","overlay-opacity":"","overlay-gradient":""},"mobile":{"background-color":"","background-image":"","background-repeat":"repeat","background-position":"center center","background-size":"auto","background-attachment":"scroll","background-type":"","background-media":"","overlay-type":"","overlay-color":"","overlay-opacity":"","overlay-gradient":""}},"ast-content-background-meta":{"desktop":{"background-color":"var(--ast-global-color-4)","background-image":"","background-repeat":"repeat","background-position":"center center","background-size":"auto","background-attachment":"scroll","background-type":"","background-media":"","overlay-type":"","overlay-color":"","overlay-opacity":"","overlay-gradient":""},"tablet":{"background-color":"var(--ast-global-color-4)","background-image":"","background-repeat":"repeat","background-position":"center center","background-size":"auto","background-attachment":"scroll","background-type":"","background-media":"","overlay-type":"","overlay-color":"","overlay-opacity":"","overlay-gradient":""},"mobile":{"background-color":"var(--ast-global-color-4)","background-image":"","background-repeat":"repeat","background-position":"center center","background-size":"auto","background-attachment":"scroll","background-type":"","background-media":"","overlay-type":"","overlay-color":"","overlay-opacity":"","overlay-gradient":""}},"footnotes":""},"categories":[1],"tags":[],"class_list":["post-23","post","type-post","status-publish","format-standard","hentry","category-uncategorized"],"yoast_head":"<!-- This site is optimized with the Yoast SEO plugin v27.7 - https:\/\/yoast.com\/product\/yoast-seo-wordpress\/ -->\n<title>Ville de Brest - Vacances<\/title>\n<meta name=\"description\" content=\"Venez d\u00e9couvrir nos meilleurs conseils pour venir passer un super s\u00e9jour dans la ville de Brest dans le Finist\u00e8re !\" \/>\n<meta name=\"robots\" content=\"index, follow, max-snippet:-1, max-image-preview:large, max-video-preview:-1\" \/>\n<link rel=\"canonical\" href=\"https:\/\/www.educarep.net\/kervella\/2026\/06\/03\/ville-de-brest\/\" \/>\n<meta property=\"og:locale\" content=\"fr_FR\" \/>\n<meta property=\"og:type\" content=\"article\" \/>\n<meta property=\"og:title\" content=\"Ville de Brest - Vacances\" \/>\n<meta property=\"og:description\" content=\"Venez d\u00e9couvrir nos meilleurs conseils pour venir passer un super s\u00e9jour dans la ville de Brest dans le Finist\u00e8re !\" \/>\n<meta property=\"og:url\" content=\"https:\/\/www.educarep.net\/kervella\/2026\/06\/03\/ville-de-brest\/\" \/>\n<meta property=\"og:site_name\" content=\"Vacances\" \/>\n<meta property=\"article:published_time\" content=\"2026-06-03T12:01:18+00:00\" \/>\n<meta property=\"article:modified_time\" content=\"2026-06-08T12:14:36+00:00\" \/>\n<meta property=\"og:image\" content=\"https:\/\/www.educarep.net\/kervella\/wp-content\/uploads\/2026\/05\/Capture-decran-2026-05-31-a-13.58.04.png\" \/>\n<meta name=\"author\" content=\"lena\" \/>\n<meta name=\"twitter:card\" content=\"summary_large_image\" \/>\n<meta name=\"twitter:label1\" content=\"\u00c9crit par\" \/>\n\t<meta name=\"twitter:data1\" content=\"lena\" \/>\n\t<meta name=\"twitter:label2\" content=\"Dur\u00e9e de lecture estim\u00e9e\" \/>\n\t<meta name=\"twitter:data2\" content=\"2 minutes\" \/>\n<script type=\"application\/ld+json\" class=\"yoast-schema-graph\">{\"@context\":\"https:\\\/\\\/schema.org\",\"@graph\":[{\"@type\":\"Article\",\"@id\":\"https:\\\/\\\/www.educarep.net\\\/kervella\\\/2026\\\/06\\\/03\\\/ville-de-brest\\\/#article\",\"isPartOf\":{\"@id\":\"https:\\\/\\\/www.educarep.net\\\/kervella\\\/2026\\\/06\\\/03\\\/ville-de-brest\\\/\"},\"author\":{\"name\":\"lena\",\"@id\":\"https:\\\/\\\/www.educarep.net\\\/kervella\\\/#\\\/schema\\\/person\\\/3eb10261993e64ac39e677d6b87a37c7\"},\"headline\":\"Ville de Brest\",\"datePublished\":\"2026-06-03T12:01:18+00:00\",\"dateModified\":\"2026-06-08T12:14:36+00:00\",\"mainEntityOfPage\":{\"@id\":\"https:\\\/\\\/www.educarep.net\\\/kervella\\\/2026\\\/06\\\/03\\\/ville-de-brest\\\/\"},\"wordCount\":272,\"commentCount\":0,\"publisher\":{\"@id\":\"https:\\\/\\\/www.educarep.net\\\/kervella\\\/#organization\"},\"image\":{\"@id\":\"https:\\\/\\\/www.educarep.net\\\/kervella\\\/2026\\\/06\\\/03\\\/ville-de-brest\\\/#primaryimage\"},\"thumbnailUrl\":\"https:\\\/\\\/www.educarep.net\\\/kervella\\\/wp-content\\\/uploads\\\/2026\\\/05\\\/Capture-decran-2026-05-31-a-13.58.04.png\",\"articleSection\":[\"Uncategorized\"],\"inLanguage\":\"fr-FR\",\"potentialAction\":[{\"@type\":\"CommentAction\",\"name\":\"Comment\",\"target\":[\"https:\\\/\\\/www.educarep.net\\\/kervella\\\/2026\\\/06\\\/03\\\/ville-de-brest\\\/#respond\"]}]},{\"@type\":\"WebPage\",\"@id\":\"https:\\\/\\\/www.educarep.net\\\/kervella\\\/2026\\\/06\\\/03\\\/ville-de-brest\\\/\",\"url\":\"https:\\\/\\\/www.educarep.net\\\/kervella\\\/2026\\\/06\\\/03\\\/ville-de-brest\\\/\",\"name\":\"Ville de Brest - Vacances\",\"isPartOf\":{\"@id\":\"https:\\\/\\\/www.educarep.net\\\/kervella\\\/#website\"},\"primaryImageOfPage\":{\"@id\":\"https:\\\/\\\/www.educarep.net\\\/kervella\\\/2026\\\/06\\\/03\\\/ville-de-brest\\\/#primaryimage\"},\"image\":{\"@id\":\"https:\\\/\\\/www.educarep.net\\\/kervella\\\/2026\\\/06\\\/03\\\/ville-de-brest\\\/#primaryimage\"},\"thumbnailUrl\":\"https:\\\/\\\/www.educarep.net\\\/kervella\\\/wp-content\\\/uploads\\\/2026\\\/05\\\/Capture-decran-2026-05-31-a-13.58.04.png\",\"datePublished\":\"2026-06-03T12:01:18+00:00\",\"dateModified\":\"2026-06-08T12:14:36+00:00\",\"description\":\"Venez d\u00e9couvrir nos meilleurs conseils pour venir passer un super s\u00e9jour dans la ville de Brest dans le Finist\u00e8re !\",\"breadcrumb\":{\"@id\":\"https:\\\/\\\/www.educarep.net\\\/kervella\\\/2026\\\/06\\\/03\\\/ville-de-brest\\\/#breadcrumb\"},\"inLanguage\":\"fr-FR\",\"potentialAction\":[{\"@type\":\"ReadAction\",\"target\":[\"https:\\\/\\\/www.educarep.net\\\/kervella\\\/2026\\\/06\\\/03\\\/ville-de-brest\\\/\"]}]},{\"@type\":\"ImageObject\",\"inLanguage\":\"fr-FR\",\"@id\":\"https:\\\/\\\/www.educarep.net\\\/kervella\\\/2026\\\/06\\\/03\\\/ville-de-brest\\\/#primaryimage\",\"url\":\"https:\\\/\\\/www.educarep.net\\\/kervella\\\/wp-content\\\/uploads\\\/2026\\\/05\\\/Capture-decran-2026-05-31-a-13.58.04.png\",\"contentUrl\":\"https:\\\/\\\/www.educarep.net\\\/kervella\\\/wp-content\\\/uploads\\\/2026\\\/05\\\/Capture-decran-2026-05-31-a-13.58.04.png\",\"width\":565,\"height\":443,\"caption\":\"Brest et son t\u00e9l\u00e9ph\u00e9rique aux capucins\"},{\"@type\":\"BreadcrumbList\",\"@id\":\"https:\\\/\\\/www.educarep.net\\\/kervella\\\/2026\\\/06\\\/03\\\/ville-de-brest\\\/#breadcrumb\",\"itemListElement\":[{\"@type\":\"ListItem\",\"position\":1,\"name\":\"Accueil\",\"item\":\"https:\\\/\\\/www.educarep.net\\\/kervella\\\/\"},{\"@type\":\"ListItem\",\"position\":2,\"name\":\"Ville de Brest\"}]},{\"@type\":\"WebSite\",\"@id\":\"https:\\\/\\\/www.educarep.net\\\/kervella\\\/#website\",\"url\":\"https:\\\/\\\/www.educarep.net\\\/kervella\\\/\",\"name\":\"Vacances\",\"description\":\"Agence de voyage\",\"publisher\":{\"@id\":\"https:\\\/\\\/www.educarep.net\\\/kervella\\\/#organization\"},\"potentialAction\":[{\"@type\":\"SearchAction\",\"target\":{\"@type\":\"EntryPoint\",\"urlTemplate\":\"https:\\\/\\\/www.educarep.net\\\/kervella\\\/?s={search_term_string}\"},\"query-input\":{\"@type\":\"PropertyValueSpecification\",\"valueRequired\":true,\"valueName\":\"search_term_string\"}}],\"inLanguage\":\"fr-FR\"},{\"@type\":\"Organization\",\"@id\":\"https:\\\/\\\/www.educarep.net\\\/kervella\\\/#organization\",\"name\":\"Vacances\",\"url\":\"https:\\\/\\\/www.educarep.net\\\/kervella\\\/\",\"logo\":{\"@type\":\"ImageObject\",\"inLanguage\":\"fr-FR\",\"@id\":\"https:\\\/\\\/www.educarep.net\\\/kervella\\\/#\\\/schema\\\/logo\\\/image\\\/\",\"url\":\"https:\\\/\\\/www.educarep.net\\\/kervella\\\/wp-content\\\/uploads\\\/2026\\\/05\\\/logo.png\",\"contentUrl\":\"https:\\\/\\\/www.educarep.net\\\/kervella\\\/wp-content\\\/uploads\\\/2026\\\/05\\\/logo.png\",\"width\":156,\"height\":40,\"caption\":\"Vacances\"},\"image\":{\"@id\":\"https:\\\/\\\/www.educarep.net\\\/kervella\\\/#\\\/schema\\\/logo\\\/image\\\/\"}},{\"@type\":\"Person\",\"@id\":\"https:\\\/\\\/www.educarep.net\\\/kervella\\\/#\\\/schema\\\/person\\\/3eb10261993e64ac39e677d6b87a37c7\",\"name\":\"lena\",\"image\":{\"@type\":\"ImageObject\",\"inLanguage\":\"fr-FR\",\"@id\":\"https:\\\/\\\/secure.gravatar.com\\\/avatar\\\/1fd098c79a62e7855d385e8150b7b7127d095eeef053f9052201c54d08997640?s=96&d=mm&r=g\",\"url\":\"https:\\\/\\\/secure.gravatar.com\\\/avatar\\\/1fd098c79a62e7855d385e8150b7b7127d095eeef053f9052201c54d08997640?s=96&d=mm&r=g\",\"contentUrl\":\"https:\\\/\\\/secure.gravatar.com\\\/avatar\\\/1fd098c79a62e7855d385e8150b7b7127d095eeef053f9052201c54d08997640?s=96&d=mm&r=g\",\"caption\":\"lena\"},\"sameAs\":[\"https:\\\/\\\/www.educarep.net\\\/kervella\"],\"url\":\"https:\\\/\\\/www.educarep.net\\\/kervella\\\/author\\\/lena\\\/\"}]}<\/script>\n<!-- \/ Yoast SEO plugin. -->","yoast_head_json":{"title":"Ville de Brest - Vacances","description":"Venez d\u00e9couvrir nos meilleurs conseils pour venir passer un super s\u00e9jour dans la ville de Brest dans le Finist\u00e8re !","robots":{"index":"index","follow":"follow","max-snippet":"max-snippet:-1","max-image-preview":"max-image-preview:large","max-video-preview":"max-video-preview:-1"},"canonical":"https:\/\/www.educarep.net\/kervella\/2026\/06\/03\/ville-de-brest\/","og_locale":"fr_FR","og_type":"article","og_title":"Ville de Brest - Vacances","og_description":"Venez d\u00e9couvrir nos meilleurs conseils pour venir passer un super s\u00e9jour dans la ville de Brest dans le Finist\u00e8re !","og_url":"https:\/\/www.educarep.net\/kervella\/2026\/06\/03\/ville-de-brest\/","og_site_name":"Vacances","article_published_time":"2026-06-03T12:01:18+00:00","article_modified_time":"2026-06-08T12:14:36+00:00","og_image":[{"url":"https:\/\/www.educarep.net\/kervella\/wp-content\/uploads\/2026\/05\/Capture-decran-2026-05-31-a-13.58.04.png","type":"","width":"","height":""}],"author":"lena","twitter_card":"summary_large_image","twitter_misc":{"\u00c9crit par":"lena","Dur\u00e9e de lecture estim\u00e9e":"2 minutes"},"schema":{"@context":"https:\/\/schema.org","@graph":[{"@type":"Article","@id":"https:\/\/www.educarep.net\/kervella\/2026\/06\/03\/ville-de-brest\/#article","isPartOf":{"@id":"https:\/\/www.educarep.net\/kervella\/2026\/06\/03\/ville-de-brest\/"},"author":{"name":"lena","@id":"https:\/\/www.educarep.net\/kervella\/#\/schema\/person\/3eb10261993e64ac39e677d6b87a37c7"},"headline":"Ville de Brest","datePublished":"2026-06-03T12:01:18+00:00","dateModified":"2026-06-08T12:14:36+00:00","mainEntityOfPage":{"@id":"https:\/\/www.educarep.net\/kervella\/2026\/06\/03\/ville-de-brest\/"},"wordCount":272,"commentCount":0,"publisher":{"@id":"https:\/\/www.educarep.net\/kervella\/#organization"},"image":{"@id":"https:\/\/www.educarep.net\/kervella\/2026\/06\/03\/ville-de-brest\/#primaryimage"},"thumbnailUrl":"https:\/\/www.educarep.net\/kervella\/wp-content\/uploads\/2026\/05\/Capture-decran-2026-05-31-a-13.58.04.png","articleSection":["Uncategorized"],"inLanguage":"fr-FR","potentialAction":[{"@type":"CommentAction","name":"Comment","target":["https:\/\/www.educarep.net\/kervella\/2026\/06\/03\/ville-de-brest\/#respond"]}]},{"@type":"WebPage","@id":"https:\/\/www.educarep.net\/kervella\/2026\/06\/03\/ville-de-brest\/","url":"https:\/\/www.educarep.net\/kervella\/2026\/06\/03\/ville-de-brest\/","name":"Ville de Brest - Vacances","isPartOf":{"@id":"https:\/\/www.educarep.net\/kervella\/#website"},"primaryImageOfPage":{"@id":"https:\/\/www.educarep.net\/kervella\/2026\/06\/03\/ville-de-brest\/#primaryimage"},"image":{"@id":"https:\/\/www.educarep.net\/kervella\/2026\/06\/03\/ville-de-brest\/#primaryimage"},"thumbnailUrl":"https:\/\/www.educarep.net\/kervella\/wp-content\/uploads\/2026\/05\/Capture-decran-2026-05-31-a-13.58.04.png","datePublished":"2026-06-03T12:01:18+00:00","dateModified":"2026-06-08T12:14:36+00:00","description":"Venez d\u00e9couvrir nos meilleurs conseils pour venir passer un super s\u00e9jour dans la ville de Brest dans le Finist\u00e8re !","breadcrumb":{"@id":"https:\/\/www.educarep.net\/kervella\/2026\/06\/03\/ville-de-brest\/#breadcrumb"},"inLanguage":"fr-FR","potentialAction":[{"@type":"ReadAction","target":["https:\/\/www.educarep.net\/kervella\/2026\/06\/03\/ville-de-brest\/"]}]},{"@type":"ImageObject","inLanguage":"fr-FR","@id":"https:\/\/www.educarep.net\/kervella\/2026\/06\/03\/ville-de-brest\/#primaryimage","url":"https:\/\/www.educarep.net\/kervella\/wp-content\/uploads\/2026\/05\/Capture-decran-2026-05-31-a-13.58.04.png","contentUrl":"https:\/\/www.educarep.net\/kervella\/wp-content\/uploads\/2026\/05\/Capture-decran-2026-05-31-a-13.58.04.png","width":565,"height":443,"caption":"Brest et son t\u00e9l\u00e9ph\u00e9rique aux capucins"},{"@type":"BreadcrumbList","@id":"https:\/\/www.educarep.net\/kervella\/2026\/06\/03\/ville-de-brest\/#breadcrumb","itemListElement":[{"@type":"ListItem","position":1,"name":"Accueil","item":"https:\/\/www.educarep.net\/kervella\/"},{"@type":"ListItem","position":2,"name":"Ville de Brest"}]},{"@type":"WebSite","@id":"https:\/\/www.educarep.net\/kervella\/#website","url":"https:\/\/www.educarep.net\/kervella\/","name":"Vacances","description":"Agence de voyage","publisher":{"@id":"https:\/\/www.educarep.net\/kervella\/#organization"},"potentialAction":[{"@type":"SearchAction","target":{"@type":"EntryPoint","urlTemplate":"https:\/\/www.educarep.net\/kervella\/?s={search_term_string}"},"query-input":{"@type":"PropertyValueSpecification","valueRequired":true,"valueName":"search_term_string"}}],"inLanguage":"fr-FR"},{"@type":"Organization","@id":"https:\/\/www.educarep.net\/kervella\/#organization","name":"Vacances","url":"https:\/\/www.educarep.net\/kervella\/","logo":{"@type":"ImageObject","inLanguage":"fr-FR","@id":"https:\/\/www.educarep.net\/kervella\/#\/schema\/logo\/image\/","url":"https:\/\/www.educarep.net\/kervella\/wp-content\/uploads\/2026\/05\/logo.png","contentUrl":"https:\/\/www.educarep.net\/kervella\/wp-content\/uploads\/2026\/05\/logo.png","width":156,"height":40,"caption":"Vacances"},"image":{"@id":"https:\/\/www.educarep.net\/kervella\/#\/schema\/logo\/image\/"}},{"@type":"Person","@id":"https:\/\/www.educarep.net\/kervella\/#\/schema\/person\/3eb10261993e64ac39e677d6b87a37c7","name":"lena","image":{"@type":"ImageObject","inLanguage":"fr-FR","@id":"https:\/\/secure.gravatar.com\/avatar\/1fd098c79a62e7855d385e8150b7b7127d095eeef053f9052201c54d08997640?s=96&d=mm&r=g","url":"https:\/\/secure.gravatar.com\/avatar\/1fd098c79a62e7855d385e8150b7b7127d095eeef053f9052201c54d08997640?s=96&d=mm&r=g","contentUrl":"https:\/\/secure.gravatar.com\/avatar\/1fd098c79a62e7855d385e8150b7b7127d095eeef053f9052201c54d08997640?s=96&d=mm&r=g","caption":"lena"},"sameAs":["https:\/\/www.educarep.net\/kervella"],"url":"https:\/\/www.educarep.net\/kervella\/author\/lena\/"}]}},"uagb_featured_image_src":{"full":false,"thumbnail":false,"medium":false,"medium_large":false,"large":false,"1536x1536":false,"2048x2048":false},"uagb_author_info":{"display_name":"lena","author_link":"https:\/\/www.educarep.net\/kervella\/author\/lena\/"},"uagb_comment_info":0,"uagb_excerpt":"Bienvenue \u00e0 Brest ! Bonjour \u00e0 tous et bienvenue sur cet article qui parle de la ville de Brest. Brest [&hellip;]","_links":{"self":[{"href":"https:\/\/www.educarep.net\/kervella\/wp-json\/wp\/v2\/posts\/23","targetHints":{"allow":["GET"]}}],"collection":[{"href":"https:\/\/www.educarep.net\/kervella\/wp-json\/wp\/v2\/posts"}],"about":[{"href":"https:\/\/www.educarep.net\/kervella\/wp-json\/wp\/v2\/types\/post"}],"author":[{"embeddable":true,"href":"https:\/\/www.educarep.net\/kervella\/wp-json\/wp\/v2\/users\/1"}],"replies":[{"embeddable":true,"href":"https:\/\/www.educarep.net\/kervella\/wp-json\/wp\/v2\/comments?post=23"}],"version-history":[{"count":8,"href":"https:\/\/www.educarep.net\/kervella\/wp-json\/wp\/v2\/posts\/23\/revisions"}],"predecessor-version":[{"id":50,"href":"https:\/\/www.educarep.net\/kervella\/wp-json\/wp\/v2\/posts\/23\/revisions\/50"}],"wp:attachment":[{"href":"https:\/\/www.educarep.net\/kervella\/wp-json\/wp\/v2\/media?parent=23"}],"wp:term":[{"taxonomy":"category","embeddable":true,"href":"https:\/\/www.educarep.net\/kervella\/wp-json\/wp\/v2\/categories?post=23"},{"taxonomy":"post_tag","embeddable":true,"href":"https:\/\/www.educarep.net\/kervella\/wp-json\/wp\/v2\/tags?post=23"}],"curies":[{"name":"wp","href":"https:\/\/api.w.org\/{rel}","templated":true}]}}